{"id":3693,"date":"2026-08-31T15:08:47","date_gmt":"2026-08-31T21:08:47","guid":{"rendered":"https:\/\/septlaxcala.gob.mx\/difusion\/?p=3693"},"modified":"2026-08-31T15:08:47","modified_gmt":"2026-08-31T21:08:47","slug":"tlaxcala-inicia-el-ciclo-escolar-2026-2027-con-mas-oportunidades-educativas","status":"publish","type":"post","link":"https:\/\/septlaxcala.gob.mx\/difusion\/2026\/08\/31\/tlaxcala-inicia-el-ciclo-escolar-2026-2027-con-mas-oportunidades-educativas\/","title":{"rendered":"TLAXCALA INICIA EL CICLO ESCOLAR 2026-2027 CON M\u00c1S OPORTUNIDADES EDUCATIVAS."},"content":{"rendered":"\n<ul class=\"wp-block-list\">\n<li>La gobernadora Lorena Cu\u00e9llar Cisneros inaugur\u00f3 oficialmente el nuevo periodo escolar y encabez\u00f3 la entrega de la techumbre de la Secundaria T\u00e9cnica No. 36<\/li>\n<\/ul>\n\n\n\n<p class=\"wp-block-paragraph\">Con un llamado a ni\u00f1as, ni\u00f1os y j\u00f3venes a construir sus sue\u00f1os y aprovechar las oportunidades que brinda la educaci\u00f3n, la gobernadora Lorena Cu\u00e9llar Cisneros encabez\u00f3 la inauguraci\u00f3n del ciclo escolar 2026-2027 en la Escuela Secundaria T\u00e9cnica N\u00fam. 36 \u201cIngeniero Guillermo Gonz\u00e1lez Camarena\u201d, donde afirm\u00f3 que la formaci\u00f3n acad\u00e9mica permite a las nuevas generaciones definir y alcanzar sus propios proyectos de vida.<\/p>\n\n\n\n<p class=\"wp-block-paragraph\">Expres\u00f3 su deseo de que el nuevo ciclo represente una etapa de crecimiento y aprendizaje para la comunidad estudiantil, al recordar que desde las aulas se construyen los sue\u00f1os y proyectos de vida, \u201cyo deseo que ustedes vayan formando cada d\u00eda en su coraz\u00f3n esos sue\u00f1os para ser grandes y lograr sus sue\u00f1os&#8221;.<\/p>\n\n\n\n<p class=\"wp-block-paragraph\">Cu\u00e9llar Cisneros record\u00f3 su experiencia como docente de ni\u00f1as y ni\u00f1os con discapacidad visual y auditiva, y subray\u00f3 que cada estudiante tiene la capacidad de elegir su propio camino, alcanzar sus metas mediante el esfuerzo y la perseverancia. \u201cCada uno en nuestra vida va eligiendo su destino, lo que uno quiere hacer cuando uno sea grande\u201d, se\u00f1al\u00f3.<\/p>\n\n\n\n<p class=\"wp-block-paragraph\">Durante el acto protocolario, tambi\u00e9n cort\u00f3 el list\u00f3n inaugural por la entrega de la techumbre del plantel, obra que brindar\u00e1 mejores condiciones para el desarrollo de las actividades acad\u00e9micas, deportivas y de convivencia de la comunidad escolar.<\/p>\n\n\n\n<p class=\"wp-block-paragraph\">En su intervenci\u00f3n, el secretario de Educaci\u00f3n P\u00fablica del Estado, Jos\u00e9 Alonso Trujillo Dom\u00ednguez, destac\u00f3 el papel fundamental que desempe\u00f1an las familias en la formaci\u00f3n de las ni\u00f1as, ni\u00f1os y adolescentes, al se\u00f1alar que el regreso a clases comienza desde los hogares, donde madres, padres y tutores preparan todo lo necesario para que sus hijas e hijos inicien una nueva etapa.<\/p>\n\n\n\n<p class=\"wp-block-paragraph\">Record\u00f3 que este lunes regresaron a las aulas 257 mil 639 alumnas y alumnos, atendidos por 15 mil 46 docentes en 2 mil 250 escuelas de educaci\u00f3n b\u00e1sica en la entidad, y llam\u00f3 a fortalecer la corresponsabilidad entre sociedad, gobierno, escuelas y familias.<\/p>\n\n\n\n<p class=\"wp-block-paragraph\">Trujillo Dom\u00ednguez refiri\u00f3 que \u201clas y los tlaxcaltecas somos una gran familia y por eso convoco a la comunidad a cuidarse mutuamente durante este nuevo periodo escolar, junto con la gobernadora escribamos juntos una nueva historia de \u00e9xito y superaci\u00f3n como la gran familia tlaxcalteca que somos\u201d.<\/p>\n\n\n\n<p class=\"wp-block-paragraph\">La directora de la instituci\u00f3n, Ivonne P\u00e9rez Castillo, agradeci\u00f3 a la gobernadora la gesti\u00f3n que hizo posible la techumbre y resalt\u00f3 que el inicio del ciclo escolar 2026-2027 representa una oportunidad para refrendar el compromiso con una educaci\u00f3n humanista, inclusiva, equitativa e intercultural.<\/p>\n\n\n\n<p class=\"wp-block-paragraph\">Como parte de la ceremonia, autoridades estatales realizaron la entrega simb\u00f3lica de \u00fatiles escolares y libros de texto gratuitos a Lucero Rodr\u00edguez Herrera y Farid Samuel Mendieta Bautista, del jard\u00edn de ni\u00f1os \u201cOcotl\u00e1n\u201d; Aar\u00f3n M\u00e1ximo Rojas P\u00e9rez y Ximena Jos\u00e9 Hern\u00e1ndez, de la primaria \u201cBenito Ju\u00e1rez\u201d; Geraldine Cruz S\u00e1nchez y \u00c1ngel Gabriel Hern\u00e1ndez Torres, de la telesecundaria \u201cDesiderio Hern\u00e1ndez Xochitiotzin\u201d; Axel Daniel Rodr\u00edguez Alameda y Adriana Bonilla Huerta, de la Secundaria T\u00e9cnica No. 36 \u201cGuillermo Gonz\u00e1lez Camarena\u201d, as\u00ed como a Dulce Evelyn Dur\u00e1n Molina y Gabriel Said Becerra Guti\u00e9rrez, de la Escuela Secundaria \u201cHiginio Paredes Ramos\u201d.<\/p>\n\n\n\n<figure class=\"wp-block-gallery has-nested-images columns-default is-cropped wp-block-gallery-1 is-layout-flex wp-block-gallery-is-layout-flex\">\n<figure class=\"wp-block-image size-full\"><img data-recalc-dims=\"1\" loading=\"lazy\" decoding=\"async\" width=\"1280\" height=\"854\" data-attachment-id=\"3695\" data-permalink=\"https:\/\/septlaxcala.gob.mx\/difusion\/2026\/08\/31\/tlaxcala-inicia-el-ciclo-escolar-2026-2027-con-mas-oportunidades-educativas\/whatsapp-image-2026-08-31-at-15-06-07\/\" data-orig-file=\"https:\/\/i0.wp.com\/septlaxcala.gob.mx\/difusion\/wp-content\/uploads\/2026\/08\/WhatsApp-Image-2026-08-31-at-15.06.07.jpeg?fit=1280%2C854&amp;ssl=1\" data-orig-size=\"1280,854\" data-comments-opened=\"0\" data-image-meta=\"{&quot;aperture&quot;:&quot;0&quot;,&quot;credit&quot;:&quot;&quot;,&quot;camera&quot;:&quot;&quot;,&quot;caption&quot;:&quot;&quot;,&quot;created_timestamp&quot;:&quot;0&quot;,&quot;copyright&quot;:&quot;&quot;,&quot;focal_length&quot;:&quot;0&quot;,&quot;iso&quot;:&quot;0&quot;,&quot;shutter_speed&quot;:&quot;0&quot;,&quot;title&quot;:&quot;&quot;,&quot;orientation&quot;:&quot;0&quot;,&quot;alt&quot;:&quot;&quot;}\" data-image-title=\"WhatsApp Image 2026-08-31 at 15.06.07\" data-image-description=\"\" data-image-caption=\"\" data-large-file=\"https:\/\/i0.wp.com\/septlaxcala.gob.mx\/difusion\/wp-content\/uploads\/2026\/08\/WhatsApp-Image-2026-08-31-at-15.06.07.jpeg?fit=1280%2C854&amp;ssl=1\" data-id=\"3695\" src=\"https:\/\/i0.wp.com\/septlaxcala.gob.mx\/difusion\/wp-content\/uploads\/2026\/08\/WhatsApp-Image-2026-08-31-at-15.06.07.jpeg?resize=1280%2C854&#038;ssl=1\" alt=\"\" class=\"wp-image-3695\" srcset=\"https:\/\/i0.wp.com\/septlaxcala.gob.mx\/difusion\/wp-content\/uploads\/2026\/08\/WhatsApp-Image-2026-08-31-at-15.06.07.jpeg?w=1280&amp;ssl=1 1280w, https:\/\/i0.wp.com\/septlaxcala.gob.mx\/difusion\/wp-content\/uploads\/2026\/08\/WhatsApp-Image-2026-08-31-at-15.06.07.jpeg?resize=863%2C576&amp;ssl=1 863w, https:\/\/i0.wp.com\/septlaxcala.gob.mx\/difusion\/wp-content\/uploads\/2026\/08\/WhatsApp-Image-2026-08-31-at-15.06.07.jpeg?resize=767%2C512&amp;ssl=1 767w, https:\/\/i0.wp.com\/septlaxcala.gob.mx\/difusion\/wp-content\/uploads\/2026\/08\/WhatsApp-Image-2026-08-31-at-15.06.07.jpeg?resize=1218%2C813&amp;ssl=1 1218w\" sizes=\"auto, (max-width: 1000px) 100vw, 1000px\" \/><\/figure>\n\n\n\n<figure class=\"wp-block-image size-full\"><img data-recalc-dims=\"1\" loading=\"lazy\" decoding=\"async\" width=\"1280\" height=\"854\" data-attachment-id=\"3697\" data-permalink=\"https:\/\/septlaxcala.gob.mx\/difusion\/2026\/08\/31\/tlaxcala-inicia-el-ciclo-escolar-2026-2027-con-mas-oportunidades-educativas\/whatsapp-image-2026-08-31-at-15-06-08-1\/\" data-orig-file=\"https:\/\/i0.wp.com\/septlaxcala.gob.mx\/difusion\/wp-content\/uploads\/2026\/08\/WhatsApp-Image-2026-08-31-at-15.06.08-1.jpeg?fit=1280%2C854&amp;ssl=1\" data-orig-size=\"1280,854\" data-comments-opened=\"0\" data-image-meta=\"{&quot;aperture&quot;:&quot;0&quot;,&quot;credit&quot;:&quot;&quot;,&quot;camera&quot;:&quot;&quot;,&quot;caption&quot;:&quot;&quot;,&quot;created_timestamp&quot;:&quot;0&quot;,&quot;copyright&quot;:&quot;&quot;,&quot;focal_length&quot;:&quot;0&quot;,&quot;iso&quot;:&quot;0&quot;,&quot;shutter_speed&quot;:&quot;0&quot;,&quot;title&quot;:&quot;&quot;,&quot;orientation&quot;:&quot;0&quot;,&quot;alt&quot;:&quot;&quot;}\" data-image-title=\"WhatsApp Image 2026-08-31 at 15.06.08 (1)\" data-image-description=\"\" data-image-caption=\"\" data-large-file=\"https:\/\/i0.wp.com\/septlaxcala.gob.mx\/difusion\/wp-content\/uploads\/2026\/08\/WhatsApp-Image-2026-08-31-at-15.06.08-1.jpeg?fit=1280%2C854&amp;ssl=1\" data-id=\"3697\" src=\"https:\/\/i0.wp.com\/septlaxcala.gob.mx\/difusion\/wp-content\/uploads\/2026\/08\/WhatsApp-Image-2026-08-31-at-15.06.08-1.jpeg?resize=1280%2C854&#038;ssl=1\" alt=\"\" class=\"wp-image-3697\" srcset=\"https:\/\/i0.wp.com\/septlaxcala.gob.mx\/difusion\/wp-content\/uploads\/2026\/08\/WhatsApp-Image-2026-08-31-at-15.06.08-1.jpeg?w=1280&amp;ssl=1 1280w, https:\/\/i0.wp.com\/septlaxcala.gob.mx\/difusion\/wp-content\/uploads\/2026\/08\/WhatsApp-Image-2026-08-31-at-15.06.08-1.jpeg?resize=863%2C576&amp;ssl=1 863w, https:\/\/i0.wp.com\/septlaxcala.gob.mx\/difusion\/wp-content\/uploads\/2026\/08\/WhatsApp-Image-2026-08-31-at-15.06.08-1.jpeg?resize=767%2C512&amp;ssl=1 767w, https:\/\/i0.wp.com\/septlaxcala.gob.mx\/difusion\/wp-content\/uploads\/2026\/08\/WhatsApp-Image-2026-08-31-at-15.06.08-1.jpeg?resize=1218%2C813&amp;ssl=1 1218w\" sizes=\"auto, (max-width: 1000px) 100vw, 1000px\" \/><\/figure>\n\n\n\n<figure class=\"wp-block-image size-full\"><img data-recalc-dims=\"1\" loading=\"lazy\" decoding=\"async\" width=\"1280\" height=\"854\" data-attachment-id=\"3694\" data-permalink=\"https:\/\/septlaxcala.gob.mx\/difusion\/2026\/08\/31\/tlaxcala-inicia-el-ciclo-escolar-2026-2027-con-mas-oportunidades-educativas\/whatsapp-image-2026-08-31-at-15-06-08-2\/\" data-orig-file=\"https:\/\/i0.wp.com\/septlaxcala.gob.mx\/difusion\/wp-content\/uploads\/2026\/08\/WhatsApp-Image-2026-08-31-at-15.06.08-2.jpeg?fit=1280%2C854&amp;ssl=1\" data-orig-size=\"1280,854\" data-comments-opened=\"0\" data-image-meta=\"{&quot;aperture&quot;:&quot;0&quot;,&quot;credit&quot;:&quot;&quot;,&quot;camera&quot;:&quot;&quot;,&quot;caption&quot;:&quot;&quot;,&quot;created_timestamp&quot;:&quot;0&quot;,&quot;copyright&quot;:&quot;&quot;,&quot;focal_length&quot;:&quot;0&quot;,&quot;iso&quot;:&quot;0&quot;,&quot;shutter_speed&quot;:&quot;0&quot;,&quot;title&quot;:&quot;&quot;,&quot;orientation&quot;:&quot;0&quot;,&quot;alt&quot;:&quot;&quot;}\" data-image-title=\"WhatsApp Image 2026-08-31 at 15.06.08 (2)\" data-image-description=\"\" data-image-caption=\"\" data-large-file=\"https:\/\/i0.wp.com\/septlaxcala.gob.mx\/difusion\/wp-content\/uploads\/2026\/08\/WhatsApp-Image-2026-08-31-at-15.06.08-2.jpeg?fit=1280%2C854&amp;ssl=1\" data-id=\"3694\" src=\"https:\/\/i0.wp.com\/septlaxcala.gob.mx\/difusion\/wp-content\/uploads\/2026\/08\/WhatsApp-Image-2026-08-31-at-15.06.08-2.jpeg?resize=1280%2C854&#038;ssl=1\" alt=\"\" class=\"wp-image-3694\" srcset=\"https:\/\/i0.wp.com\/septlaxcala.gob.mx\/difusion\/wp-content\/uploads\/2026\/08\/WhatsApp-Image-2026-08-31-at-15.06.08-2.jpeg?w=1280&amp;ssl=1 1280w, https:\/\/i0.wp.com\/septlaxcala.gob.mx\/difusion\/wp-content\/uploads\/2026\/08\/WhatsApp-Image-2026-08-31-at-15.06.08-2.jpeg?resize=767%2C512&amp;ssl=1 767w, https:\/\/i0.wp.com\/septlaxcala.gob.mx\/difusion\/wp-content\/uploads\/2026\/08\/WhatsApp-Image-2026-08-31-at-15.06.08-2.jpeg?resize=863%2C576&amp;ssl=1 863w, https:\/\/i0.wp.com\/septlaxcala.gob.mx\/difusion\/wp-content\/uploads\/2026\/08\/WhatsApp-Image-2026-08-31-at-15.06.08-2.jpeg?resize=1218%2C813&amp;ssl=1 1218w\" sizes=\"auto, (max-width: 1000px) 100vw, 1000px\" \/><\/figure>\n\n\n\n<figure class=\"wp-block-image size-full\"><img data-recalc-dims=\"1\" loading=\"lazy\" decoding=\"async\" width=\"1280\" height=\"720\" data-attachment-id=\"3696\" data-permalink=\"https:\/\/septlaxcala.gob.mx\/difusion\/2026\/08\/31\/tlaxcala-inicia-el-ciclo-escolar-2026-2027-con-mas-oportunidades-educativas\/whatsapp-image-2026-08-31-at-15-06-08\/\" data-orig-file=\"https:\/\/i0.wp.com\/septlaxcala.gob.mx\/difusion\/wp-content\/uploads\/2026\/08\/WhatsApp-Image-2026-08-31-at-15.06.08.jpeg?fit=1280%2C720&amp;ssl=1\" data-orig-size=\"1280,720\" data-comments-opened=\"0\" data-image-meta=\"{&quot;aperture&quot;:&quot;0&quot;,&quot;credit&quot;:&quot;&quot;,&quot;camera&quot;:&quot;&quot;,&quot;caption&quot;:&quot;&quot;,&quot;created_timestamp&quot;:&quot;0&quot;,&quot;copyright&quot;:&quot;&quot;,&quot;focal_length&quot;:&quot;0&quot;,&quot;iso&quot;:&quot;0&quot;,&quot;shutter_speed&quot;:&quot;0&quot;,&quot;title&quot;:&quot;&quot;,&quot;orientation&quot;:&quot;0&quot;,&quot;alt&quot;:&quot;&quot;}\" data-image-title=\"WhatsApp Image 2026-08-31 at 15.06.08\" data-image-description=\"\" data-image-caption=\"\" data-large-file=\"https:\/\/i0.wp.com\/septlaxcala.gob.mx\/difusion\/wp-content\/uploads\/2026\/08\/WhatsApp-Image-2026-08-31-at-15.06.08.jpeg?fit=1280%2C720&amp;ssl=1\" data-id=\"3696\" src=\"https:\/\/i0.wp.com\/septlaxcala.gob.mx\/difusion\/wp-content\/uploads\/2026\/08\/WhatsApp-Image-2026-08-31-at-15.06.08.jpeg?resize=1280%2C720&#038;ssl=1\" alt=\"\" class=\"wp-image-3696\" srcset=\"https:\/\/i0.wp.com\/septlaxcala.gob.mx\/difusion\/wp-content\/uploads\/2026\/08\/WhatsApp-Image-2026-08-31-at-15.06.08.jpeg?w=1280&amp;ssl=1 1280w, https:\/\/i0.wp.com\/septlaxcala.gob.mx\/difusion\/wp-content\/uploads\/2026\/08\/WhatsApp-Image-2026-08-31-at-15.06.08.jpeg?resize=480%2C270&amp;ssl=1 480w, https:\/\/i0.wp.com\/septlaxcala.gob.mx\/difusion\/wp-content\/uploads\/2026\/08\/WhatsApp-Image-2026-08-31-at-15.06.08.jpeg?resize=1024%2C576&amp;ssl=1 1024w, https:\/\/i0.wp.com\/septlaxcala.gob.mx\/difusion\/wp-content\/uploads\/2026\/08\/WhatsApp-Image-2026-08-31-at-15.06.08.jpeg?resize=768%2C432&amp;ssl=1 768w, https:\/\/i0.wp.com\/septlaxcala.gob.mx\/difusion\/wp-content\/uploads\/2026\/08\/WhatsApp-Image-2026-08-31-at-15.06.08.jpeg?resize=1218%2C685&amp;ssl=1 1218w\" sizes=\"auto, (max-width: 1000px) 100vw, 1000px\" \/><\/figure>\n\n\n\n<figure class=\"wp-block-image size-full\"><img data-recalc-dims=\"1\" loading=\"lazy\" decoding=\"async\" width=\"1280\" height=\"854\" data-attachment-id=\"3698\" data-permalink=\"https:\/\/septlaxcala.gob.mx\/difusion\/2026\/08\/31\/tlaxcala-inicia-el-ciclo-escolar-2026-2027-con-mas-oportunidades-educativas\/whatsapp-image-2026-08-31-at-15-06-09-1\/\" data-orig-file=\"https:\/\/i0.wp.com\/septlaxcala.gob.mx\/difusion\/wp-content\/uploads\/2026\/08\/WhatsApp-Image-2026-08-31-at-15.06.09-1.jpeg?fit=1280%2C854&amp;ssl=1\" data-orig-size=\"1280,854\" data-comments-opened=\"0\" data-image-meta=\"{&quot;aperture&quot;:&quot;0&quot;,&quot;credit&quot;:&quot;&quot;,&quot;camera&quot;:&quot;&quot;,&quot;caption&quot;:&quot;&quot;,&quot;created_timestamp&quot;:&quot;0&quot;,&quot;copyright&quot;:&quot;&quot;,&quot;focal_length&quot;:&quot;0&quot;,&quot;iso&quot;:&quot;0&quot;,&quot;shutter_speed&quot;:&quot;0&quot;,&quot;title&quot;:&quot;&quot;,&quot;orientation&quot;:&quot;0&quot;,&quot;alt&quot;:&quot;&quot;}\" data-image-title=\"WhatsApp Image 2026-08-31 at 15.06.09 (1)\" data-image-description=\"\" data-image-caption=\"\" data-large-file=\"https:\/\/i0.wp.com\/septlaxcala.gob.mx\/difusion\/wp-content\/uploads\/2026\/08\/WhatsApp-Image-2026-08-31-at-15.06.09-1.jpeg?fit=1280%2C854&amp;ssl=1\" data-id=\"3698\" src=\"https:\/\/i0.wp.com\/septlaxcala.gob.mx\/difusion\/wp-content\/uploads\/2026\/08\/WhatsApp-Image-2026-08-31-at-15.06.09-1.jpeg?resize=1280%2C854&#038;ssl=1\" alt=\"\" class=\"wp-image-3698\" srcset=\"https:\/\/i0.wp.com\/septlaxcala.gob.mx\/difusion\/wp-content\/uploads\/2026\/08\/WhatsApp-Image-2026-08-31-at-15.06.09-1.jpeg?w=1280&amp;ssl=1 1280w, https:\/\/i0.wp.com\/septlaxcala.gob.mx\/difusion\/wp-content\/uploads\/2026\/08\/WhatsApp-Image-2026-08-31-at-15.06.09-1.jpeg?resize=863%2C576&amp;ssl=1 863w, https:\/\/i0.wp.com\/septlaxcala.gob.mx\/difusion\/wp-content\/uploads\/2026\/08\/WhatsApp-Image-2026-08-31-at-15.06.09-1.jpeg?resize=1218%2C813&amp;ssl=1 1218w, https:\/\/i0.wp.com\/septlaxcala.gob.mx\/difusion\/wp-content\/uploads\/2026\/08\/WhatsApp-Image-2026-08-31-at-15.06.09-1.jpeg?resize=767%2C512&amp;ssl=1 767w\" sizes=\"auto, (max-width: 1000px) 100vw, 1000px\" \/><\/figure>\n\n\n\n<figure class=\"wp-block-image size-full\"><img data-recalc-dims=\"1\" loading=\"lazy\" decoding=\"async\" width=\"1280\" height=\"854\" data-attachment-id=\"3699\" data-permalink=\"https:\/\/septlaxcala.gob.mx\/difusion\/2026\/08\/31\/tlaxcala-inicia-el-ciclo-escolar-2026-2027-con-mas-oportunidades-educativas\/whatsapp-image-2026-08-31-at-15-06-09-2\/\" data-orig-file=\"https:\/\/i0.wp.com\/septlaxcala.gob.mx\/difusion\/wp-content\/uploads\/2026\/08\/WhatsApp-Image-2026-08-31-at-15.06.09-2.jpeg?fit=1280%2C854&amp;ssl=1\" data-orig-size=\"1280,854\" data-comments-opened=\"0\" data-image-meta=\"{&quot;aperture&quot;:&quot;0&quot;,&quot;credit&quot;:&quot;&quot;,&quot;camera&quot;:&quot;&quot;,&quot;caption&quot;:&quot;&quot;,&quot;created_timestamp&quot;:&quot;0&quot;,&quot;copyright&quot;:&quot;&quot;,&quot;focal_length&quot;:&quot;0&quot;,&quot;iso&quot;:&quot;0&quot;,&quot;shutter_speed&quot;:&quot;0&quot;,&quot;title&quot;:&quot;&quot;,&quot;orientation&quot;:&quot;0&quot;,&quot;alt&quot;:&quot;&quot;}\" data-image-title=\"WhatsApp Image 2026-08-31 at 15.06.09 (2)\" data-image-description=\"\" data-image-caption=\"\" data-large-file=\"https:\/\/i0.wp.com\/septlaxcala.gob.mx\/difusion\/wp-content\/uploads\/2026\/08\/WhatsApp-Image-2026-08-31-at-15.06.09-2.jpeg?fit=1280%2C854&amp;ssl=1\" data-id=\"3699\" src=\"https:\/\/i0.wp.com\/septlaxcala.gob.mx\/difusion\/wp-content\/uploads\/2026\/08\/WhatsApp-Image-2026-08-31-at-15.06.09-2.jpeg?resize=1280%2C854&#038;ssl=1\" alt=\"\" class=\"wp-image-3699\" srcset=\"https:\/\/i0.wp.com\/septlaxcala.gob.mx\/difusion\/wp-content\/uploads\/2026\/08\/WhatsApp-Image-2026-08-31-at-15.06.09-2.jpeg?w=1280&amp;ssl=1 1280w, https:\/\/i0.wp.com\/septlaxcala.gob.mx\/difusion\/wp-content\/uploads\/2026\/08\/WhatsApp-Image-2026-08-31-at-15.06.09-2.jpeg?resize=863%2C576&amp;ssl=1 863w, https:\/\/i0.wp.com\/septlaxcala.gob.mx\/difusion\/wp-content\/uploads\/2026\/08\/WhatsApp-Image-2026-08-31-at-15.06.09-2.jpeg?resize=767%2C512&amp;ssl=1 767w, https:\/\/i0.wp.com\/septlaxcala.gob.mx\/difusion\/wp-content\/uploads\/2026\/08\/WhatsApp-Image-2026-08-31-at-15.06.09-2.jpeg?resize=1218%2C813&amp;ssl=1 1218w\" sizes=\"auto, (max-width: 1000px) 100vw, 1000px\" \/><\/figure>\n\n\n\n<figure class=\"wp-block-image size-full\"><img data-recalc-dims=\"1\" loading=\"lazy\" decoding=\"async\" width=\"1280\" height=\"854\" data-attachment-id=\"3700\" data-permalink=\"https:\/\/septlaxcala.gob.mx\/difusion\/2026\/08\/31\/tlaxcala-inicia-el-ciclo-escolar-2026-2027-con-mas-oportunidades-educativas\/whatsapp-image-2026-08-31-at-15-06-09-3\/\" data-orig-file=\"https:\/\/i0.wp.com\/septlaxcala.gob.mx\/difusion\/wp-content\/uploads\/2026\/08\/WhatsApp-Image-2026-08-31-at-15.06.09-3.jpeg?fit=1280%2C854&amp;ssl=1\" data-orig-size=\"1280,854\" data-comments-opened=\"0\" data-image-meta=\"{&quot;aperture&quot;:&quot;0&quot;,&quot;credit&quot;:&quot;&quot;,&quot;camera&quot;:&quot;&quot;,&quot;caption&quot;:&quot;&quot;,&quot;created_timestamp&quot;:&quot;0&quot;,&quot;copyright&quot;:&quot;&quot;,&quot;focal_length&quot;:&quot;0&quot;,&quot;iso&quot;:&quot;0&quot;,&quot;shutter_speed&quot;:&quot;0&quot;,&quot;title&quot;:&quot;&quot;,&quot;orientation&quot;:&quot;0&quot;,&quot;alt&quot;:&quot;&quot;}\" data-image-title=\"WhatsApp Image 2026-08-31 at 15.06.09 (3)\" data-image-description=\"\" data-image-caption=\"\" data-large-file=\"https:\/\/i0.wp.com\/septlaxcala.gob.mx\/difusion\/wp-content\/uploads\/2026\/08\/WhatsApp-Image-2026-08-31-at-15.06.09-3.jpeg?fit=1280%2C854&amp;ssl=1\" data-id=\"3700\" src=\"https:\/\/i0.wp.com\/septlaxcala.gob.mx\/difusion\/wp-content\/uploads\/2026\/08\/WhatsApp-Image-2026-08-31-at-15.06.09-3.jpeg?resize=1280%2C854&#038;ssl=1\" alt=\"\" class=\"wp-image-3700\" srcset=\"https:\/\/i0.wp.com\/septlaxcala.gob.mx\/difusion\/wp-content\/uploads\/2026\/08\/WhatsApp-Image-2026-08-31-at-15.06.09-3.jpeg?w=1280&amp;ssl=1 1280w, https:\/\/i0.wp.com\/septlaxcala.gob.mx\/difusion\/wp-content\/uploads\/2026\/08\/WhatsApp-Image-2026-08-31-at-15.06.09-3.jpeg?resize=767%2C512&amp;ssl=1 767w, https:\/\/i0.wp.com\/septlaxcala.gob.mx\/difusion\/wp-content\/uploads\/2026\/08\/WhatsApp-Image-2026-08-31-at-15.06.09-3.jpeg?resize=863%2C576&amp;ssl=1 863w, https:\/\/i0.wp.com\/septlaxcala.gob.mx\/difusion\/wp-content\/uploads\/2026\/08\/WhatsApp-Image-2026-08-31-at-15.06.09-3.jpeg?resize=1218%2C813&amp;ssl=1 1218w\" sizes=\"auto, (max-width: 1000px) 100vw, 1000px\" \/><\/figure>\n\n\n\n<figure class=\"wp-block-image size-full\"><img data-recalc-dims=\"1\" loading=\"lazy\" decoding=\"async\" width=\"1280\" height=\"854\" data-attachment-id=\"3701\" data-permalink=\"https:\/\/septlaxcala.gob.mx\/difusion\/2026\/08\/31\/tlaxcala-inicia-el-ciclo-escolar-2026-2027-con-mas-oportunidades-educativas\/whatsapp-image-2026-08-31-at-15-06-09-4\/\" data-orig-file=\"https:\/\/i0.wp.com\/septlaxcala.gob.mx\/difusion\/wp-content\/uploads\/2026\/08\/WhatsApp-Image-2026-08-31-at-15.06.09-4.jpeg?fit=1280%2C854&amp;ssl=1\" data-orig-size=\"1280,854\" data-comments-opened=\"0\" data-image-meta=\"{&quot;aperture&quot;:&quot;0&quot;,&quot;credit&quot;:&quot;&quot;,&quot;camera&quot;:&quot;&quot;,&quot;caption&quot;:&quot;&quot;,&quot;created_timestamp&quot;:&quot;0&quot;,&quot;copyright&quot;:&quot;&quot;,&quot;focal_length&quot;:&quot;0&quot;,&quot;iso&quot;:&quot;0&quot;,&quot;shutter_speed&quot;:&quot;0&quot;,&quot;title&quot;:&quot;&quot;,&quot;orientation&quot;:&quot;0&quot;,&quot;alt&quot;:&quot;&quot;}\" data-image-title=\"WhatsApp Image 2026-08-31 at 15.06.09 (4)\" data-image-description=\"\" data-image-caption=\"\" data-large-file=\"https:\/\/i0.wp.com\/septlaxcala.gob.mx\/difusion\/wp-content\/uploads\/2026\/08\/WhatsApp-Image-2026-08-31-at-15.06.09-4.jpeg?fit=1280%2C854&amp;ssl=1\" data-id=\"3701\" src=\"https:\/\/i0.wp.com\/septlaxcala.gob.mx\/difusion\/wp-content\/uploads\/2026\/08\/WhatsApp-Image-2026-08-31-at-15.06.09-4.jpeg?resize=1280%2C854&#038;ssl=1\" alt=\"\" class=\"wp-image-3701\" srcset=\"https:\/\/i0.wp.com\/septlaxcala.gob.mx\/difusion\/wp-content\/uploads\/2026\/08\/WhatsApp-Image-2026-08-31-at-15.06.09-4.jpeg?w=1280&amp;ssl=1 1280w, https:\/\/i0.wp.com\/septlaxcala.gob.mx\/difusion\/wp-content\/uploads\/2026\/08\/WhatsApp-Image-2026-08-31-at-15.06.09-4.jpeg?resize=863%2C576&amp;ssl=1 863w, https:\/\/i0.wp.com\/septlaxcala.gob.mx\/difusion\/wp-content\/uploads\/2026\/08\/WhatsApp-Image-2026-08-31-at-15.06.09-4.jpeg?resize=767%2C512&amp;ssl=1 767w, https:\/\/i0.wp.com\/septlaxcala.gob.mx\/difusion\/wp-content\/uploads\/2026\/08\/WhatsApp-Image-2026-08-31-at-15.06.09-4.jpeg?resize=1218%2C813&amp;ssl=1 1218w\" sizes=\"auto, (max-width: 1000px) 100vw, 1000px\" \/><\/figure>\n\n\n\n<figure class=\"wp-block-image size-full\"><img data-recalc-dims=\"1\" loading=\"lazy\" decoding=\"async\" width=\"1280\" height=\"854\" data-attachment-id=\"3702\" data-permalink=\"https:\/\/septlaxcala.gob.mx\/difusion\/2026\/08\/31\/tlaxcala-inicia-el-ciclo-escolar-2026-2027-con-mas-oportunidades-educativas\/whatsapp-image-2026-08-31-at-15-06-09\/\" data-orig-file=\"https:\/\/i0.wp.com\/septlaxcala.gob.mx\/difusion\/wp-content\/uploads\/2026\/08\/WhatsApp-Image-2026-08-31-at-15.06.09.jpeg?fit=1280%2C854&amp;ssl=1\" data-orig-size=\"1280,854\" data-comments-opened=\"0\" data-image-meta=\"{&quot;aperture&quot;:&quot;0&quot;,&quot;credit&quot;:&quot;&quot;,&quot;camera&quot;:&quot;&quot;,&quot;caption&quot;:&quot;&quot;,&quot;created_timestamp&quot;:&quot;0&quot;,&quot;copyright&quot;:&quot;&quot;,&quot;focal_length&quot;:&quot;0&quot;,&quot;iso&quot;:&quot;0&quot;,&quot;shutter_speed&quot;:&quot;0&quot;,&quot;title&quot;:&quot;&quot;,&quot;orientation&quot;:&quot;0&quot;,&quot;alt&quot;:&quot;&quot;}\" data-image-title=\"WhatsApp Image 2026-08-31 at 15.06.09\" data-image-description=\"\" data-image-caption=\"\" data-large-file=\"https:\/\/i0.wp.com\/septlaxcala.gob.mx\/difusion\/wp-content\/uploads\/2026\/08\/WhatsApp-Image-2026-08-31-at-15.06.09.jpeg?fit=1280%2C854&amp;ssl=1\" data-id=\"3702\" src=\"https:\/\/i0.wp.com\/septlaxcala.gob.mx\/difusion\/wp-content\/uploads\/2026\/08\/WhatsApp-Image-2026-08-31-at-15.06.09.jpeg?resize=1280%2C854&#038;ssl=1\" alt=\"\" class=\"wp-image-3702\" srcset=\"https:\/\/i0.wp.com\/septlaxcala.gob.mx\/difusion\/wp-content\/uploads\/2026\/08\/WhatsApp-Image-2026-08-31-at-15.06.09.jpeg?w=1280&amp;ssl=1 1280w, https:\/\/i0.wp.com\/septlaxcala.gob.mx\/difusion\/wp-content\/uploads\/2026\/08\/WhatsApp-Image-2026-08-31-at-15.06.09.jpeg?resize=863%2C576&amp;ssl=1 863w, https:\/\/i0.wp.com\/septlaxcala.gob.mx\/difusion\/wp-content\/uploads\/2026\/08\/WhatsApp-Image-2026-08-31-at-15.06.09.jpeg?resize=767%2C512&amp;ssl=1 767w, https:\/\/i0.wp.com\/septlaxcala.gob.mx\/difusion\/wp-content\/uploads\/2026\/08\/WhatsApp-Image-2026-08-31-at-15.06.09.jpeg?resize=1218%2C813&amp;ssl=1 1218w\" sizes=\"auto, (max-width: 1000px) 100vw, 1000px\" \/><\/figure>\n\n\n\n<figure class=\"wp-block-image size-full\"><img data-recalc-dims=\"1\" loading=\"lazy\" decoding=\"async\" width=\"1280\" height=\"854\" data-attachment-id=\"3703\" data-permalink=\"https:\/\/septlaxcala.gob.mx\/difusion\/2026\/08\/31\/tlaxcala-inicia-el-ciclo-escolar-2026-2027-con-mas-oportunidades-educativas\/whatsapp-image-2026-08-31-at-15-06-10-1\/\" data-orig-file=\"https:\/\/i0.wp.com\/septlaxcala.gob.mx\/difusion\/wp-content\/uploads\/2026\/08\/WhatsApp-Image-2026-08-31-at-15.06.10-1.jpeg?fit=1280%2C854&amp;ssl=1\" data-orig-size=\"1280,854\" data-comments-opened=\"0\" data-image-meta=\"{&quot;aperture&quot;:&quot;0&quot;,&quot;credit&quot;:&quot;&quot;,&quot;camera&quot;:&quot;&quot;,&quot;caption&quot;:&quot;&quot;,&quot;created_timestamp&quot;:&quot;0&quot;,&quot;copyright&quot;:&quot;&quot;,&quot;focal_length&quot;:&quot;0&quot;,&quot;iso&quot;:&quot;0&quot;,&quot;shutter_speed&quot;:&quot;0&quot;,&quot;title&quot;:&quot;&quot;,&quot;orientation&quot;:&quot;0&quot;,&quot;alt&quot;:&quot;&quot;}\" data-image-title=\"WhatsApp Image 2026-08-31 at 15.06.10 (1)\" data-image-description=\"\" data-image-caption=\"\" data-large-file=\"https:\/\/i0.wp.com\/septlaxcala.gob.mx\/difusion\/wp-content\/uploads\/2026\/08\/WhatsApp-Image-2026-08-31-at-15.06.10-1.jpeg?fit=1280%2C854&amp;ssl=1\" data-id=\"3703\" src=\"https:\/\/i0.wp.com\/septlaxcala.gob.mx\/difusion\/wp-content\/uploads\/2026\/08\/WhatsApp-Image-2026-08-31-at-15.06.10-1.jpeg?resize=1280%2C854&#038;ssl=1\" alt=\"\" class=\"wp-image-3703\" srcset=\"https:\/\/i0.wp.com\/septlaxcala.gob.mx\/difusion\/wp-content\/uploads\/2026\/08\/WhatsApp-Image-2026-08-31-at-15.06.10-1.jpeg?w=1280&amp;ssl=1 1280w, https:\/\/i0.wp.com\/septlaxcala.gob.mx\/difusion\/wp-content\/uploads\/2026\/08\/WhatsApp-Image-2026-08-31-at-15.06.10-1.jpeg?resize=863%2C576&amp;ssl=1 863w, https:\/\/i0.wp.com\/septlaxcala.gob.mx\/difusion\/wp-content\/uploads\/2026\/08\/WhatsApp-Image-2026-08-31-at-15.06.10-1.jpeg?resize=767%2C512&amp;ssl=1 767w, https:\/\/i0.wp.com\/septlaxcala.gob.mx\/difusion\/wp-content\/uploads\/2026\/08\/WhatsApp-Image-2026-08-31-at-15.06.10-1.jpeg?resize=1218%2C813&amp;ssl=1 1218w\" sizes=\"auto, (max-width: 1000px) 100vw, 1000px\" \/><\/figure>\n\n\n\n<figure class=\"wp-block-image size-full\"><img data-recalc-dims=\"1\" loading=\"lazy\" decoding=\"async\" width=\"1280\" height=\"854\" data-attachment-id=\"3704\" data-permalink=\"https:\/\/septlaxcala.gob.mx\/difusion\/2026\/08\/31\/tlaxcala-inicia-el-ciclo-escolar-2026-2027-con-mas-oportunidades-educativas\/whatsapp-image-2026-08-31-at-15-06-10-2\/\" data-orig-file=\"https:\/\/i0.wp.com\/septlaxcala.gob.mx\/difusion\/wp-content\/uploads\/2026\/08\/WhatsApp-Image-2026-08-31-at-15.06.10-2.jpeg?fit=1280%2C854&amp;ssl=1\" data-orig-size=\"1280,854\" data-comments-opened=\"0\" data-image-meta=\"{&quot;aperture&quot;:&quot;0&quot;,&quot;credit&quot;:&quot;&quot;,&quot;camera&quot;:&quot;&quot;,&quot;caption&quot;:&quot;&quot;,&quot;created_timestamp&quot;:&quot;0&quot;,&quot;copyright&quot;:&quot;&quot;,&quot;focal_length&quot;:&quot;0&quot;,&quot;iso&quot;:&quot;0&quot;,&quot;shutter_speed&quot;:&quot;0&quot;,&quot;title&quot;:&quot;&quot;,&quot;orientation&quot;:&quot;0&quot;,&quot;alt&quot;:&quot;&quot;}\" data-image-title=\"WhatsApp Image 2026-08-31 at 15.06.10 (2)\" data-image-description=\"\" data-image-caption=\"\" data-large-file=\"https:\/\/i0.wp.com\/septlaxcala.gob.mx\/difusion\/wp-content\/uploads\/2026\/08\/WhatsApp-Image-2026-08-31-at-15.06.10-2.jpeg?fit=1280%2C854&amp;ssl=1\" data-id=\"3704\" src=\"https:\/\/i0.wp.com\/septlaxcala.gob.mx\/difusion\/wp-content\/uploads\/2026\/08\/WhatsApp-Image-2026-08-31-at-15.06.10-2.jpeg?resize=1280%2C854&#038;ssl=1\" alt=\"\" class=\"wp-image-3704\" srcset=\"https:\/\/i0.wp.com\/septlaxcala.gob.mx\/difusion\/wp-content\/uploads\/2026\/08\/WhatsApp-Image-2026-08-31-at-15.06.10-2.jpeg?w=1280&amp;ssl=1 1280w, https:\/\/i0.wp.com\/septlaxcala.gob.mx\/difusion\/wp-content\/uploads\/2026\/08\/WhatsApp-Image-2026-08-31-at-15.06.10-2.jpeg?resize=863%2C576&amp;ssl=1 863w, https:\/\/i0.wp.com\/septlaxcala.gob.mx\/difusion\/wp-content\/uploads\/2026\/08\/WhatsApp-Image-2026-08-31-at-15.06.10-2.jpeg?resize=767%2C512&amp;ssl=1 767w, https:\/\/i0.wp.com\/septlaxcala.gob.mx\/difusion\/wp-content\/uploads\/2026\/08\/WhatsApp-Image-2026-08-31-at-15.06.10-2.jpeg?resize=1218%2C813&amp;ssl=1 1218w\" sizes=\"auto, (max-width: 1000px) 100vw, 1000px\" \/><\/figure>\n\n\n\n<figure class=\"wp-block-image size-full\"><img data-recalc-dims=\"1\" loading=\"lazy\" decoding=\"async\" width=\"1280\" height=\"854\" data-attachment-id=\"3705\" data-permalink=\"https:\/\/septlaxcala.gob.mx\/difusion\/2026\/08\/31\/tlaxcala-inicia-el-ciclo-escolar-2026-2027-con-mas-oportunidades-educativas\/whatsapp-image-2026-08-31-at-15-06-10-3\/\" data-orig-file=\"https:\/\/i0.wp.com\/septlaxcala.gob.mx\/difusion\/wp-content\/uploads\/2026\/08\/WhatsApp-Image-2026-08-31-at-15.06.10-3.jpeg?fit=1280%2C854&amp;ssl=1\" data-orig-size=\"1280,854\" data-comments-opened=\"0\" data-image-meta=\"{&quot;aperture&quot;:&quot;0&quot;,&quot;credit&quot;:&quot;&quot;,&quot;camera&quot;:&quot;&quot;,&quot;caption&quot;:&quot;&quot;,&quot;created_timestamp&quot;:&quot;0&quot;,&quot;copyright&quot;:&quot;&quot;,&quot;focal_length&quot;:&quot;0&quot;,&quot;iso&quot;:&quot;0&quot;,&quot;shutter_speed&quot;:&quot;0&quot;,&quot;title&quot;:&quot;&quot;,&quot;orientation&quot;:&quot;0&quot;,&quot;alt&quot;:&quot;&quot;}\" data-image-title=\"WhatsApp Image 2026-08-31 at 15.06.10 (3)\" data-image-description=\"\" data-image-caption=\"\" data-large-file=\"https:\/\/i0.wp.com\/septlaxcala.gob.mx\/difusion\/wp-content\/uploads\/2026\/08\/WhatsApp-Image-2026-08-31-at-15.06.10-3.jpeg?fit=1280%2C854&amp;ssl=1\" data-id=\"3705\" src=\"https:\/\/i0.wp.com\/septlaxcala.gob.mx\/difusion\/wp-content\/uploads\/2026\/08\/WhatsApp-Image-2026-08-31-at-15.06.10-3.jpeg?resize=1280%2C854&#038;ssl=1\" alt=\"\" class=\"wp-image-3705\" srcset=\"https:\/\/i0.wp.com\/septlaxcala.gob.mx\/difusion\/wp-content\/uploads\/2026\/08\/WhatsApp-Image-2026-08-31-at-15.06.10-3.jpeg?w=1280&amp;ssl=1 1280w, https:\/\/i0.wp.com\/septlaxcala.gob.mx\/difusion\/wp-content\/uploads\/2026\/08\/WhatsApp-Image-2026-08-31-at-15.06.10-3.jpeg?resize=863%2C576&amp;ssl=1 863w, https:\/\/i0.wp.com\/septlaxcala.gob.mx\/difusion\/wp-content\/uploads\/2026\/08\/WhatsApp-Image-2026-08-31-at-15.06.10-3.jpeg?resize=767%2C512&amp;ssl=1 767w, https:\/\/i0.wp.com\/septlaxcala.gob.mx\/difusion\/wp-content\/uploads\/2026\/08\/WhatsApp-Image-2026-08-31-at-15.06.10-3.jpeg?resize=1218%2C813&amp;ssl=1 1218w\" sizes=\"auto, (max-width: 1000px) 100vw, 1000px\" \/><\/figure>\n\n\n\n<figure class=\"wp-block-image size-full\"><img data-recalc-dims=\"1\" loading=\"lazy\" decoding=\"async\" width=\"1280\" height=\"854\" data-attachment-id=\"3706\" data-permalink=\"https:\/\/septlaxcala.gob.mx\/difusion\/2026\/08\/31\/tlaxcala-inicia-el-ciclo-escolar-2026-2027-con-mas-oportunidades-educativas\/whatsapp-image-2026-08-31-at-15-06-10\/\" data-orig-file=\"https:\/\/i0.wp.com\/septlaxcala.gob.mx\/difusion\/wp-content\/uploads\/2026\/08\/WhatsApp-Image-2026-08-31-at-15.06.10.jpeg?fit=1280%2C854&amp;ssl=1\" data-orig-size=\"1280,854\" data-comments-opened=\"0\" data-image-meta=\"{&quot;aperture&quot;:&quot;0&quot;,&quot;credit&quot;:&quot;&quot;,&quot;camera&quot;:&quot;&quot;,&quot;caption&quot;:&quot;&quot;,&quot;created_timestamp&quot;:&quot;0&quot;,&quot;copyright&quot;:&quot;&quot;,&quot;focal_length&quot;:&quot;0&quot;,&quot;iso&quot;:&quot;0&quot;,&quot;shutter_speed&quot;:&quot;0&quot;,&quot;title&quot;:&quot;&quot;,&quot;orientation&quot;:&quot;0&quot;,&quot;alt&quot;:&quot;&quot;}\" data-image-title=\"WhatsApp Image 2026-08-31 at 15.06.10\" data-image-description=\"\" data-image-caption=\"\" data-large-file=\"https:\/\/i0.wp.com\/septlaxcala.gob.mx\/difusion\/wp-content\/uploads\/2026\/08\/WhatsApp-Image-2026-08-31-at-15.06.10.jpeg?fit=1280%2C854&amp;ssl=1\" data-id=\"3706\" src=\"https:\/\/i0.wp.com\/septlaxcala.gob.mx\/difusion\/wp-content\/uploads\/2026\/08\/WhatsApp-Image-2026-08-31-at-15.06.10.jpeg?resize=1280%2C854&#038;ssl=1\" alt=\"\" class=\"wp-image-3706\" srcset=\"https:\/\/i0.wp.com\/septlaxcala.gob.mx\/difusion\/wp-content\/uploads\/2026\/08\/WhatsApp-Image-2026-08-31-at-15.06.10.jpeg?w=1280&amp;ssl=1 1280w, https:\/\/i0.wp.com\/septlaxcala.gob.mx\/difusion\/wp-content\/uploads\/2026\/08\/WhatsApp-Image-2026-08-31-at-15.06.10.jpeg?resize=863%2C576&amp;ssl=1 863w, https:\/\/i0.wp.com\/septlaxcala.gob.mx\/difusion\/wp-content\/uploads\/2026\/08\/WhatsApp-Image-2026-08-31-at-15.06.10.jpeg?resize=767%2C512&amp;ssl=1 767w, https:\/\/i0.wp.com\/septlaxcala.gob.mx\/difusion\/wp-content\/uploads\/2026\/08\/WhatsApp-Image-2026-08-31-at-15.06.10.jpeg?resize=1218%2C813&amp;ssl=1 1218w\" sizes=\"auto, (max-width: 1000px) 100vw, 1000px\" \/><\/figure>\n<\/figure>\n","protected":false},"excerpt":{"rendered":"<p>Con un llamado a ni\u00f1as, ni\u00f1os y j\u00f3venes a construir sus sue\u00f1os y aprovechar las oportunidades que brinda la educaci\u00f3n, la gobernadora Lorena Cu\u00e9llar Cisneros&#8230;<\/p>\n","protected":false},"author":1,"featured_media":0,"comment_status":"closed","ping_status":"","sticky":false,"template":"","format":"standard","meta":{"advanced_seo_description":"","jetpack_seo_html_title":"","jetpack_seo_noindex":false,"jetpack_seo_schema_type":"","_jetpack_newsletter_access":"","_jetpack_dont_email_post_to_subs":false,"_jetpack_newsletter_tier_id":0,"_jetpack_memberships_contains_paywalled_content":false,"_jetpack_feature_clip_id":0,"_jetpack_memberships_contains_paid_content":false,"footnotes":"","jetpack_publicize_message":"","jetpack_publicize_feature_enabled":true,"jetpack_social_post_already_shared":true,"jetpack_social_options":{"image_generator_settings":{"template":"highway","default_image_id":0,"font":"","enabled":false},"version":2},"jetpack_post_was_ever_published":false},"categories":[13],"tags":[],"class_list":["post-3693","post","type-post","status-publish","format-standard","hentry","category-comunicados","wpcat-13-id"],"jetpack_publicize_connections":[],"jetpack_sharing_enabled":true,"jetpack_featured_media_url":"","_links":{"self":[{"href":"https:\/\/septlaxcala.gob.mx\/difusion\/wp-json\/wp\/v2\/posts\/3693","targetHints":{"allow":["GET"]}}],"collection":[{"href":"https:\/\/septlaxcala.gob.mx\/difusion\/wp-json\/wp\/v2\/posts"}],"about":[{"href":"https:\/\/septlaxcala.gob.mx\/difusion\/wp-json\/wp\/v2\/types\/post"}],"author":[{"embeddable":true,"href":"https:\/\/septlaxcala.gob.mx\/difusion\/wp-json\/wp\/v2\/users\/1"}],"replies":[{"embeddable":true,"href":"https:\/\/septlaxcala.gob.mx\/difusion\/wp-json\/wp\/v2\/comments?post=3693"}],"version-history":[{"count":1,"href":"https:\/\/septlaxcala.gob.mx\/difusion\/wp-json\/wp\/v2\/posts\/3693\/revisions"}],"predecessor-version":[{"id":3707,"href":"https:\/\/septlaxcala.gob.mx\/difusion\/wp-json\/wp\/v2\/posts\/3693\/revisions\/3707"}],"wp:attachment":[{"href":"https:\/\/septlaxcala.gob.mx\/difusion\/wp-json\/wp\/v2\/media?parent=3693"}],"wp:term":[{"taxonomy":"category","embeddable":true,"href":"https:\/\/septlaxcala.gob.mx\/difusion\/wp-json\/wp\/v2\/categories?post=3693"},{"taxonomy":"post_tag","embeddable":true,"href":"https:\/\/septlaxcala.gob.mx\/difusion\/wp-json\/wp\/v2\/tags?post=3693"}],"curies":[{"name":"wp","href":"https:\/\/api.w.org\/{rel}","templated":true}]}}